{"id":76,"date":"2008-04-24T19:01:11","date_gmt":"2008-04-24T17:01:11","guid":{"rendered":"http:\/\/www.sumpflaeufer.de\/?p=76"},"modified":"2008-04-25T10:49:36","modified_gmt":"2008-04-25T08:49:36","slug":"letzter-lauf","status":"publish","type":"post","link":"https:\/\/www.sumpflaeufer.de\/?p=76","title":{"rendered":"Letzter Lauf"},"content":{"rendered":"<p class=\"imageholder\">Bei sch\u00f6nstem Wetter startete ich heute in der Mittagspause meinen letzten Lauf vor dem Marathon. Wenn man so in diverse Trainingspl\u00e4ne schaut, stehen f\u00fcr die letzte Woche vor einem Marathon nur noch kurze und langsame Einheiten an. Entsprechend lief ich dann heute auch nur 6km in einem langsamen Tempo.<\/p>\n<p class=\"imageholder\">Ich habe den Eindruck, dass unterhalb eines gewissen Tempo&#8217;s die daf\u00fcr ben\u00f6tigte Energie kaum weniger wird. Zwar sinkt der Durchschnittspuls, aber ich glaube man l\u00e4uft nicht mehr sehr \u00f6konomisch. Nur beim &#8222;Wohlf\u00fchltempo&#8220; finde ich meinen richtigen Lauf-Rhythmus. Aber gerade langsame L\u00e4ufe sind ja f\u00fcr die Grundlagenausdauer notwendig &#8211; sagt man&#8230;<\/p>\n<p class=\"imageholder\">Nichts desto trotz, konzentriert man sich die paar Tage vorher zunehmend auf das &#8222;Drumherum&#8220;: Wann geht man zur Marathonmesse? Was zieht man zum Laufen an? Wann holt man seine Startunterlagen ab? Wo ist der Startblock? Wie lange vorher trifft man ein? Wann und was isst und trinkt man vorher? In welches Regal soll am Sonntag der Pokal gestellt werden? ;-)<\/p>\n<p class=\"imageholder\">Wie man sieht: Fragen \u00fcber Fragen!<\/p>\n<p class=\"imageholder\">Aber apropos anziehen: Die Wettervorhersage wechselte auch fast t\u00e4glich, allerdings ist drei Tage vorher mit dieser Vorhersage die Wahrscheinlichkeit recht hoch, dass es auch so zutrifft (Quelle: Wetter.com):<\/p>\n<p class=\"imageholder\"><a rel=\"lightbox\" href=\"\/wp-content\/images\/img_008Big.jpg\"><img decoding=\"async\" src=\"\/wp-content\/images\/img_008.jpg\" \/><\/a><\/p>\n<p class=\"imageholder\">Dementsprechend sind dann wohl kurze Laufsachen angebrachter. Hauptsache es wird nicht zu warm, denn die Umgew\u00f6hnungsphase w\u00e4re etwas kurz.<\/p>\n<p class=\"imageholder\">Abschliessend muss ich feststellen, dass die Nervosit\u00e4t immer mehr zunimmt &#8211; wie soll das erst am Sonntag werden? Ich glaube, es wird erst besser, wenn der Startschuss gefallen ist, dann ist man sowieso nur noch auf&#8217;s Laufen konzentriert.<\/p>\n","protected":false},"excerpt":{"rendered":"<p>Bei sch\u00f6nstem Wetter startete ich heute in der Mittagspause meinen letzten Lauf vor dem Marathon. Wenn man so in diverse Trainingspl\u00e4ne schaut, stehen f\u00fcr die letzte Woche vor einem Marathon nur noch kurze und langsame Einheiten an. Entsprechend lief ich dann heute auch nur 6km in einem langsamen Tempo.<br \/>\nIch habe den Eindruck, dass unterhalb eines [&#8230;]<\/p>\n","protected":false},"author":2,"featured_media":0,"comment_status":"open","ping_status":"closed","sticky":false,"template":"","format":"standard","meta":[],"categories":[4],"tags":[32],"_links":{"self":[{"href":"https:\/\/www.sumpflaeufer.de\/index.php?rest_route=\/wp\/v2\/posts\/76"}],"collection":[{"href":"https:\/\/www.sumpflaeufer.de\/index.php?rest_route=\/wp\/v2\/posts"}],"about":[{"href":"https:\/\/www.sumpflaeufer.de\/index.php?rest_route=\/wp\/v2\/types\/post"}],"author":[{"embeddable":true,"href":"https:\/\/www.sumpflaeufer.de\/index.php?rest_route=\/wp\/v2\/users\/2"}],"replies":[{"embeddable":true,"href":"https:\/\/www.sumpflaeufer.de\/index.php?rest_route=%2Fwp%2Fv2%2Fcomments&post=76"}],"version-history":[{"count":0,"href":"https:\/\/www.sumpflaeufer.de\/index.php?rest_route=\/wp\/v2\/posts\/76\/revisions"}],"wp:attachment":[{"href":"https:\/\/www.sumpflaeufer.de\/index.php?rest_route=%2Fwp%2Fv2%2Fmedia&parent=76"}],"wp:term":[{"taxonomy":"category","embeddable":true,"href":"https:\/\/www.sumpflaeufer.de\/index.php?rest_route=%2Fwp%2Fv2%2Fcategories&post=76"},{"taxonomy":"post_tag","embeddable":true,"href":"https:\/\/www.sumpflaeufer.de\/index.php?rest_route=%2Fwp%2Fv2%2Ftags&post=76"}],"curies":[{"name":"wp","href":"https:\/\/api.w.org\/{rel}","templated":true}]}}