{"id":340,"date":"2018-10-17T21:31:53","date_gmt":"2018-10-17T20:31:53","guid":{"rendered":"http:\/\/www.sumpflaeufer.de\/?p=340"},"modified":"2018-10-17T21:36:33","modified_gmt":"2018-10-17T20:36:33","slug":"die-wade-das-unbekannte-wesen","status":"publish","type":"post","link":"https:\/\/www.sumpflaeufer.de\/?p=340","title":{"rendered":"Die Wade, das unbekannte Wesen!"},"content":{"rendered":"<p>Ich laufe mittlerweile gut 15 Jahre. In diesem Zeitraum hatte ich bisher lediglich Probleme mit dem Ischiasnerv, mit dem Kniegelenk, mit dem R\u00fccken (Hexenschuss) und tats\u00e4chlich auch einmal kurz mit der Wade (2008), wo ich durch einen schnellen Tempowechsel mir einen Muskelfaserriss zugezogen hatte. Dieser war sogar in Form eines Blutergusses \u00e4u\u00dferlich sichtbar. Allerdings war seinerzeit nach einer Woche das Thema abgehakt.<\/p>\n<p>Die Probleme die ich nun aber bereits seit knapp drei Monaten mit den Waden habe, sind etwas au\u00dfergew\u00f6hnlich. Au\u00dfergew\u00f6hnlich deshalb, weil man im Internet die Symptome nur in Kombination mit \u00dcberlastung durch pl\u00f6tzlichen Tempowechsel oder aber hoher Belastung im noch kalten Zustand des Muskels wiederfindet. Aber mal treten die Schmerzen bereits nach drei Kilometern auf, mal erst nach z.B. 12 Kilometern. Dann ist es mal die linke, dann die rechte Wade und zudem an unterschiedlichen Stellen. Es kommt ein pl\u00f6tzliches Stechen im Muskel das sich wie eine Muskelzerrung anf\u00fchlt und dann mit jedem Schritt deutlich zu sp\u00fcren ist, haupts\u00e4chlich beim Abrollen des Fu\u00dfes, also wenn der Fu\u00df hinten ist. Am st\u00e4rksten ist der Schmerz dann, wenn man versucht sich auf die Zehenspitze zu stellen. Nach etwa zwei bis drei Tagen sind die Schmerzen soweit minimiert oder sogar ganz weg, sodass ich wieder laufen kann. Dann kommen drei, vier L\u00e4ufe, wo nichts passiert, dann wieder &#8222;Bamm!&#8220;, von einem auf den anderen Schritt und ich muss abbrechen.<\/p>\n<p>Zun\u00e4chst dachte ich, es ist eine Mangelerscheinung, also fehlendes Magnesium o.\u00e4., obwohl sich das eher in Form von Kr\u00e4mpfen \u00e4u\u00dfern w\u00fcrde. Auch Fl\u00fcsigkeitsmangel stand im Verdacht, weil es oft auftrat, wenn wir >= 25\u00b0C hatten und ich \u00fcberm\u00e4\u00dfig schwitzte.<\/p>\n<p>Zuletzt trat es auf, als ich im Urlaub auf Ibiza vorletzte Woche an der Wassergymnastik teilnahm.<br \/>\nHeute wagte ich vorsichtig einen ersten Lauf. Sch\u00f6n langsam und dabei auch meine neuen Laufschuhe &#8211; Asics, RoadHawk FF &#8211; eingeweiht. Ein leichtes Ziehen war die ganze Zeit \u00fcber zu merken. Vielleicht bildete ich mir das ein, aber ich hatte das Gef\u00fchl, es wurde st\u00e4rker, wenn ich daran dachte. Sobald ich versuchte, an etwas anderes zu denken, wurde es besser. Aber versucht mal, an irgendetwas NICHT zu denken, gar nicht so einfach!<\/p>\n<p>Um die Wade zu schonen lief ich nur sechs Kilometer. Den letzten allerdings sogar mit leichter Temposteigerung auf eine 5er Pace. Nach dem Lauf ging ich dann noch einen Kilometer um die Belastung nicht abrupt zu beenden.<\/p>\n<p>Nun hoffe ich einfach mal, dass es insgesamt besser wird und ich am 28.10. fit bin f\u00fcr den 10 km Wettkampf. Sollte es immer wieder kommen, muss ich dann wohl doch mal zum Orthop\u00e4den um das begutachten zu lassen&#8230;<\/p>\n","protected":false},"excerpt":{"rendered":"<p>Ich laufe mittlerweile gut 15 Jahre. In diesem Zeitraum hatte ich bisher lediglich Probleme mit dem Ischiasnerv, mit dem Kniegelenk, mit dem R\u00fccken (Hexenschuss) und tats\u00e4chlich auch einmal kurz mit der Wade (2008), wo ich durch einen schnellen Tempowechsel mir einen Muskelfaserriss zugezogen hatte. Dieser war sogar in Form eines Blutergusses \u00e4u\u00dferlich sichtbar. Allerdings war [&#8230;]<\/p>\n","protected":false},"author":2,"featured_media":0,"comment_status":"open","ping_status":"closed","sticky":false,"template":"","format":"standard","meta":[],"categories":[4,6],"tags":[],"_links":{"self":[{"href":"https:\/\/www.sumpflaeufer.de\/index.php?rest_route=\/wp\/v2\/posts\/340"}],"collection":[{"href":"https:\/\/www.sumpflaeufer.de\/index.php?rest_route=\/wp\/v2\/posts"}],"about":[{"href":"https:\/\/www.sumpflaeufer.de\/index.php?rest_route=\/wp\/v2\/types\/post"}],"author":[{"embeddable":true,"href":"https:\/\/www.sumpflaeufer.de\/index.php?rest_route=\/wp\/v2\/users\/2"}],"replies":[{"embeddable":true,"href":"https:\/\/www.sumpflaeufer.de\/index.php?rest_route=%2Fwp%2Fv2%2Fcomments&post=340"}],"version-history":[{"count":6,"href":"https:\/\/www.sumpflaeufer.de\/index.php?rest_route=\/wp\/v2\/posts\/340\/revisions"}],"predecessor-version":[{"id":346,"href":"https:\/\/www.sumpflaeufer.de\/index.php?rest_route=\/wp\/v2\/posts\/340\/revisions\/346"}],"wp:attachment":[{"href":"https:\/\/www.sumpflaeufer.de\/index.php?rest_route=%2Fwp%2Fv2%2Fmedia&parent=340"}],"wp:term":[{"taxonomy":"category","embeddable":true,"href":"https:\/\/www.sumpflaeufer.de\/index.php?rest_route=%2Fwp%2Fv2%2Fcategories&post=340"},{"taxonomy":"post_tag","embeddable":true,"href":"https:\/\/www.sumpflaeufer.de\/index.php?rest_route=%2Fwp%2Fv2%2Ftags&post=340"}],"curies":[{"name":"wp","href":"https:\/\/api.w.org\/{rel}","templated":true}]}}