{"id":296,"date":"2013-05-28T07:59:45","date_gmt":"2013-05-28T06:59:45","guid":{"rendered":"http:\/\/www.sumpflaeufer.de\/?p=296"},"modified":"2013-05-28T08:11:24","modified_gmt":"2013-05-28T07:11:24","slug":"14-regen-storlauf","status":"publish","type":"post","link":"https:\/\/www.sumpflaeufer.de\/?p=296","title":{"rendered":"14. (Regen-) St\u00f6rlauf"},"content":{"rendered":"<p class=\"imageholder\"><a href=\"\/wp-content\/images\/img_087big.jpg\" rel=\"lightbox\"><img decoding=\"async\" title=\"Kurz vorm Ziel...\" src=\"\/wp-content\/images\/img_087.jpg\" alt=\"\" align=\"left\" \/><\/a><\/p>\n<p>Wie bereits angek\u00fcndigt, hier ein paar S\u00e4tze zum St\u00f6rlauf am letzten Samstag.<\/p>\n<p>Dieser Lauf hat ja bereits langj\u00e4hrige Tradition. Mein allererster Halbmarathon \u00fcberhaupt, fand hier 2005 statt. Bis auf letztes Jahr, wo ich krankheitsbedingt leider nicht starten konnte, bin ich jedes Jahr dabei gewesen &#8211; nun schon das achte mal! Obwohl erst im Mai, ist es meist von den Wettk\u00e4mpfen her f\u00fcr mich die Auftaktveranstaltung.<\/p>\n<p>Wie auch vor zwei Jahren durfte der Stau bei der Anreise nicht fehlen. Diesmal war eine Baustelle die Ursache. Da ich aber diesmal rechtzeitig losgefahren bin, kam ich vorzeitig am verabredeten Treffpunkt an. Aber nerv\u00f6s wird man dann doch jedesmal und schaut alle zwei Minuten auf die Uhr und flucht \u00fcber die anderen Autofahrer <img src=\"https:\/\/www.sumpflaeufer.de\/wp-includes\/images\/smilies\/icon_wink.gif\" alt=\";)\" class=\"wp-smiley\" style=\"height: 1em; max-height: 1em;\" \/><\/p>\n<p>Von dort ging es mit Tobias gemeinsam nach Itzehoe. Der St\u00f6rlauf findet immer zwischen Mitte und Ende Mai statt. Jedesmal ist das Wetter unberechenbar, oft sehr unbest\u00e4ndig. Ich bin schon bei strahlendem Sonnenschein und \u00fcber 20\u00b0C als auch bei Gewitter und Starkregen gelaufen. Diesmal war vorher schon absehbar, dass es nass wird. Es war wirklich schon den ganzen Tag am regnen. Kein Schauer, sondern richtiggehend Dauerregen bei gerade mal 8\u00b0C. Das hatten wir wirklich noch nie. Eigentlich wollte ich nur im kurzarm-Shirt laufen, aber zum Gl\u00fcck hatte ich auch die Laufjacke mit. Gerade vorher beim Abholen der Startnummer und dem Warten im Startbereich f\u00e4ngt man sonst schnell an zu frieren.<\/p>\n<p>Meine Laufuhr schaltete ich erst etwa eine viertel Stunde vor dem Start ein. Leider schaffte sie es bis zum Startschuss nicht, mit den Satelliten zu synchronisieren. Auch Tobias Uhr wollte nicht. Lag wohl an den \u00fcberm\u00e4\u00dfig dicken Regenwolken <img src=\"https:\/\/www.sumpflaeufer.de\/wp-includes\/images\/smilies\/icon_wink.gif\" alt=\";)\" class=\"wp-smiley\" style=\"height: 1em; max-height: 1em;\" \/> keine Ahnung! Dies f\u00fchrte dazu, dass ich lediglich die aktuelle Laufzeit angezeigt bekam. Erst nach knapp drei Kilometern fing sie an auch Strecke anzuzeigen.<br \/>\nUm mich tempom\u00e4\u00dfig vorher schon zu orientieren, schloss ich mich einfach dem Zug- und Bremsl\u00e4ufer f\u00fcr 1:45:00 Zielzeit an. Tobias hatte sich bereits am Anfang abgesetzt, er ist einfach schneller. Etwa neun Kilometer konnte ich mithalten. Dann kam die lange Steigung und schon fiel ich ab. Hier zeigte sich deutlich, dass ich trainingsm\u00e4\u00dfig reichlich zur\u00fccklag und Bestzeit erst recht nicht drinlag. Durch ganze drei Erk\u00e4ltungen und zwei heftige Zahnentz\u00fcndungen seit Jahresbeginn, hatte ich gerade mal erst 200 Kilometer in diesem Jahr trainiert, einfach zu wenig! So waren die letzten L\u00e4ufe auch maximal 12-14 Km lang, deshalb kam dann auch bei Km 15 der Einbruch. Dies hatte ich aber schon vorher geahnt. Die letzten Kilometer enthielten dann auch so manche Gehpause. Mit einer Zeit von 1:52:41 kam ich dann durchs Ziel. Mein Ziel, wenigstens unter 1:50 zu bleiben habe ich zwar nicht ganz erreicht, aber das stand hier diesmal nicht im Vordergrund. Letztlich gibt es auch noch einen 15. St\u00f6rlauf, bei dem ich dann wieder angreife. Trotz der widrigen Wetterumst\u00e4nde hat es wieder mal viel Spa\u00df gemacht. Respekt auch an das trotzdem noch zahlreiche Publikum an Start\/Ziel und an der Strecke.<\/p>\n<p>Nach dem Lauf waren wir dann froh, in trockene Klamotten zu kommen. Da f\u00fchlte man sich dann schon um einiges besser. Zwei weitere Kollegen absolvierten dann noch die 10 Km &#8211; Strecke. Hier leisteten wir im Ziel noch moralische Unterst\u00fctzung. Gemeinsam ging es danach zum Grillen und Champions League &#8211; Spiel gucken zu dem Kollegen, der in Itzehoe wohnt.<\/p>\n<p>Mit einem Sieg der Bayern durch Robben und leichtem Muskelkater klang dann um Mitternacht zu Hause angekommen, der ereignisreiche Tag aus&#8230; <img src=\"https:\/\/www.sumpflaeufer.de\/wp-includes\/images\/smilies\/icon_biggrin.gif\" alt=\":D\" class=\"wp-smiley\" style=\"height: 1em; max-height: 1em;\" \/><\/p>\n","protected":false},"excerpt":{"rendered":"<p>Wie bereits angek\u00fcndigt, hier ein paar S\u00e4tze zum St\u00f6rlauf am letzten Samstag.<br \/>\nDieser Lauf hat ja bereits langj\u00e4hrige Tradition. Mein allererster Halbmarathon \u00fcberhaupt, fand hier 2005 statt. Bis auf letztes Jahr, wo ich krankheitsbedingt leider nicht starten konnte, bin ich jedes Jahr dabei gewesen &#8211; nun schon das achte mal! Obwohl erst im Mai, ist es [&#8230;]<\/p>\n","protected":false},"author":2,"featured_media":0,"comment_status":"open","ping_status":"closed","sticky":false,"template":"","format":"standard","meta":[],"categories":[11,35],"tags":[79],"_links":{"self":[{"href":"https:\/\/www.sumpflaeufer.de\/index.php?rest_route=\/wp\/v2\/posts\/296"}],"collection":[{"href":"https:\/\/www.sumpflaeufer.de\/index.php?rest_route=\/wp\/v2\/posts"}],"about":[{"href":"https:\/\/www.sumpflaeufer.de\/index.php?rest_route=\/wp\/v2\/types\/post"}],"author":[{"embeddable":true,"href":"https:\/\/www.sumpflaeufer.de\/index.php?rest_route=\/wp\/v2\/users\/2"}],"replies":[{"embeddable":true,"href":"https:\/\/www.sumpflaeufer.de\/index.php?rest_route=%2Fwp%2Fv2%2Fcomments&post=296"}],"version-history":[{"count":5,"href":"https:\/\/www.sumpflaeufer.de\/index.php?rest_route=\/wp\/v2\/posts\/296\/revisions"}],"predecessor-version":[{"id":302,"href":"https:\/\/www.sumpflaeufer.de\/index.php?rest_route=\/wp\/v2\/posts\/296\/revisions\/302"}],"wp:attachment":[{"href":"https:\/\/www.sumpflaeufer.de\/index.php?rest_route=%2Fwp%2Fv2%2Fmedia&parent=296"}],"wp:term":[{"taxonomy":"category","embeddable":true,"href":"https:\/\/www.sumpflaeufer.de\/index.php?rest_route=%2Fwp%2Fv2%2Fcategories&post=296"},{"taxonomy":"post_tag","embeddable":true,"href":"https:\/\/www.sumpflaeufer.de\/index.php?rest_route=%2Fwp%2Fv2%2Ftags&post=296"}],"curies":[{"name":"wp","href":"https:\/\/api.w.org\/{rel}","templated":true}]}}