{"id":177,"date":"2009-06-15T10:14:58","date_gmt":"2009-06-15T09:14:58","guid":{"rendered":"http:\/\/www.sumpflaeufer.de\/?p=177"},"modified":"2009-06-16T08:39:44","modified_gmt":"2009-06-16T07:39:44","slug":"alles-wieder-normal","status":"publish","type":"post","link":"https:\/\/www.sumpflaeufer.de\/?p=177","title":{"rendered":"Alles wieder &#8222;normal&#8220;"},"content":{"rendered":"<p>Das endg\u00fcltige Ergebnis des Belastungs-EKG, sowie die Auswertung meiner Blutuntersuchung ergab ein &#8222;o.B.&#8220; also &#8222;ohne Befund&#8220;. <img src=\"https:\/\/www.sumpflaeufer.de\/wp-includes\/images\/smilies\/icon_biggrin.gif\" alt=\":D\" class=\"wp-smiley\" style=\"height: 1em; max-height: 1em;\" \/> Wie ich ja auch bereits andeutete, sind auch die Symptome zurzeit nicht mehr vorhanden, sodass ich um einiges erleichtert mein Training wieder aufnehmen kann.<\/p>\n<p>Jedoch &#8211; und deshalb das hervorgehobene &#8222;normal&#8220; in der \u00dcberschrift:<br \/>\nIn letzter Zeit wird in einigen Laufblogs \u00fcber Verletzungen und Krankheiten berichtet. So ist es fast schon &#8222;unnormal&#8220; wenn alles glatt l\u00e4uft. Seit letzten Dienstag reihe ich mich nun mit meiner Erk\u00e4ltung wieder in die Gruppe der &#8222;normalen&#8220; \u00a0ein. Ich war seit dem auch so vern\u00fcnftig und bin nicht gelaufen, denn ich hatte\u00a0das volle Program: Hals- und Gliederschmerzen, Fieber und\u00a0laufende Nase.\u00a0Aber nun bin ich \u00fcber&#8217;n Berg und werde heute wohl wieder &#8211; wenn nichts dazwischenkommt &#8211; mit dem Laufen beginnen. Ich bin gespannt wie es sich nach immerhin siebzehn(!) Tagen Abstinenz anf\u00fchlt!<\/p>\n","protected":false},"excerpt":{"rendered":"<p>Das endg\u00fcltige Ergebnis des Belastungs-EKG, sowie die Auswertung meiner Blutuntersuchung ergab ein &#8222;o.B.&#8220; also &#8222;ohne Befund&#8220;.  Wie ich ja auch bereits andeutete, sind auch die Symptome zurzeit nicht mehr vorhanden, sodass ich um einiges erleichtert mein Training wieder aufnehmen kann.<br \/>\nJedoch &#8211; und deshalb das hervorgehobene &#8222;normal&#8220; in der \u00dcberschrift:<br \/>\nIn letzter Zeit wird in einigen [&#8230;]<\/p>\n","protected":false},"author":2,"featured_media":0,"comment_status":"open","ping_status":"closed","sticky":false,"template":"","format":"standard","meta":[],"categories":[11,5],"tags":[68],"_links":{"self":[{"href":"https:\/\/www.sumpflaeufer.de\/index.php?rest_route=\/wp\/v2\/posts\/177"}],"collection":[{"href":"https:\/\/www.sumpflaeufer.de\/index.php?rest_route=\/wp\/v2\/posts"}],"about":[{"href":"https:\/\/www.sumpflaeufer.de\/index.php?rest_route=\/wp\/v2\/types\/post"}],"author":[{"embeddable":true,"href":"https:\/\/www.sumpflaeufer.de\/index.php?rest_route=\/wp\/v2\/users\/2"}],"replies":[{"embeddable":true,"href":"https:\/\/www.sumpflaeufer.de\/index.php?rest_route=%2Fwp%2Fv2%2Fcomments&post=177"}],"version-history":[{"count":0,"href":"https:\/\/www.sumpflaeufer.de\/index.php?rest_route=\/wp\/v2\/posts\/177\/revisions"}],"wp:attachment":[{"href":"https:\/\/www.sumpflaeufer.de\/index.php?rest_route=%2Fwp%2Fv2%2Fmedia&parent=177"}],"wp:term":[{"taxonomy":"category","embeddable":true,"href":"https:\/\/www.sumpflaeufer.de\/index.php?rest_route=%2Fwp%2Fv2%2Fcategories&post=177"},{"taxonomy":"post_tag","embeddable":true,"href":"https:\/\/www.sumpflaeufer.de\/index.php?rest_route=%2Fwp%2Fv2%2Ftags&post=177"}],"curies":[{"name":"wp","href":"https:\/\/api.w.org\/{rel}","templated":true}]}}