{"id":164,"date":"2009-04-20T23:29:53","date_gmt":"2009-04-20T22:29:53","guid":{"rendered":"http:\/\/www.sumpflaeufer.de\/?p=164"},"modified":"2009-04-20T23:41:46","modified_gmt":"2009-04-20T22:41:46","slug":"pollenfluch","status":"publish","type":"post","link":"https:\/\/www.sumpflaeufer.de\/?p=164","title":{"rendered":"Pollenfluch"},"content":{"rendered":"<p>Die<a href=\"http:\/\/www.pollenfluch.de\/\" title=\"Pollenfluch.de\" target=\"_blank\"> Seite<\/a> gibt es wirklich und die Verballhornung trifft es auf den Punkt: es ist wirklich ein Fluch! Zurzeit ist die Birke \u00fcberm\u00e4\u00dfig am Fliegen und ich kenne alleine drei Leute, die im Moment massive Probleme damit haben: niesen, husten, laufende Nase und tr\u00e4nende Augen.<\/p>\n<p>Obwohl ich bisher nie Probleme damit hatte, bekam ich nach dem abendlichen Lauf am letzten Mittwoch pl\u00f6tzlich starken Husten der etwa eine Stunde anhielt!  <img src=\"https:\/\/www.sumpflaeufer.de\/wp-includes\/images\/smilies\/icon_cry.gif\" alt=\":cry:\" class=\"wp-smiley\" style=\"height: 1em; max-height: 1em;\" \/> Der Pollenflug war zu dem Zeitpunkt laut Internet extrem.<\/p>\n<p>Mein heutiger Lauf nach der Arbeit war zweigeteilt. Erst schnelle 10km, dann langsamere 5km. So war es zumindest geplant, kam aber anders:<\/p>\n<p>War es der Pollenflug, oder die relativ warmen 17\u00b0C? Man weiss es nicht. Kann auch sein, dass mein Tempo einfach zu hoch war. Die Pace von 4:39 hielt ich jedenfalls nur 6km durch. Auch die dann folgenden 10km strengten mehr an als sonst, obwohl ich nun langsamer unterwegs war. Den ganzen Abend f\u00fchle ich mich nun schon schlapp und habe das Gef\u00fchl ein Gewicht liegt auf dem Brustkorb. Ich hoffe mal, das gibt sich wieder und ich hatte einfach nur einen schlechten Tag&#8230;<\/p>\n","protected":false},"excerpt":{"rendered":"<p>Die Seite gibt es wirklich und die Verballhornung trifft es auf den Punkt: es ist wirklich ein Fluch! Zurzeit ist die Birke \u00fcberm\u00e4\u00dfig am Fliegen und ich kenne alleine drei Leute, die im Moment massive Probleme damit haben: niesen, husten, laufende Nase und tr\u00e4nende Augen.<br \/>\nObwohl ich bisher nie Probleme damit hatte, bekam ich nach dem [&#8230;]<\/p>\n","protected":false},"author":2,"featured_media":0,"comment_status":"open","ping_status":"closed","sticky":false,"template":"","format":"standard","meta":[],"categories":[11,4],"tags":[],"_links":{"self":[{"href":"https:\/\/www.sumpflaeufer.de\/index.php?rest_route=\/wp\/v2\/posts\/164"}],"collection":[{"href":"https:\/\/www.sumpflaeufer.de\/index.php?rest_route=\/wp\/v2\/posts"}],"about":[{"href":"https:\/\/www.sumpflaeufer.de\/index.php?rest_route=\/wp\/v2\/types\/post"}],"author":[{"embeddable":true,"href":"https:\/\/www.sumpflaeufer.de\/index.php?rest_route=\/wp\/v2\/users\/2"}],"replies":[{"embeddable":true,"href":"https:\/\/www.sumpflaeufer.de\/index.php?rest_route=%2Fwp%2Fv2%2Fcomments&post=164"}],"version-history":[{"count":0,"href":"https:\/\/www.sumpflaeufer.de\/index.php?rest_route=\/wp\/v2\/posts\/164\/revisions"}],"wp:attachment":[{"href":"https:\/\/www.sumpflaeufer.de\/index.php?rest_route=%2Fwp%2Fv2%2Fmedia&parent=164"}],"wp:term":[{"taxonomy":"category","embeddable":true,"href":"https:\/\/www.sumpflaeufer.de\/index.php?rest_route=%2Fwp%2Fv2%2Fcategories&post=164"},{"taxonomy":"post_tag","embeddable":true,"href":"https:\/\/www.sumpflaeufer.de\/index.php?rest_route=%2Fwp%2Fv2%2Ftags&post=164"}],"curies":[{"name":"wp","href":"https:\/\/api.w.org\/{rel}","templated":true}]}}