{"id":154,"date":"2009-03-02T19:25:13","date_gmt":"2009-03-02T17:25:13","guid":{"rendered":"http:\/\/www.sumpflaeufer.de\/?p=154"},"modified":"2009-03-02T19:27:52","modified_gmt":"2009-03-02T17:27:52","slug":"fruhling","status":"publish","type":"post","link":"https:\/\/www.sumpflaeufer.de\/?p=154","title":{"rendered":"Fr\u00fchling?"},"content":{"rendered":"<p>Zumindest war gestern der meteologische Fr\u00fchlingsbeginn!<\/p>\n<p>Zeitgleich liegen nun auch die Temperaturen deutlicher im Plusbereich. Ich f\u00fcrchte nur: es wird nicht so bleiben.\u00a0 Ich erinnere mich, dass vor ein paar Jahren noch gegen Ende M\u00e4rz Schnee gefallen war. Wahrscheinlich nicht nur ich sehne den Tag herbei, an dem man wieder mit kurzen Laufklamotten losziehen kann. Letztes Jahr war der erste Lauf in &#8222;Kurz&#8220; der 30. M\u00e4rz mit pl\u00f6tzlich rund 19\u00b0C.<\/p>\n<p>Gestern war nun der letzte Termin der Winterlaufserie. Und so wie bereits angek\u00fcndigt wollte ich zwei Runden, also gut 20 km laufen. Mein Arbeitskollege klinkte sich wieder ein und wir trafen uns kurz vor acht Uhr am Zelt des Organisationsteams, zahlten unsere drei Euro und liefen los. Schon nach den ersten Kilometern merkte ich, dass meine Beine etwas bleiern waren. Allerdings geht es die ersten drei Kilometer auch 70 Meter bergauf. Zu diesem Zeitpunkt hatte ich echte Zweifel, die zweite Runde zu \u00fcberstehen. Aber in den bergab &#8211; Passagen konnten sich die Muskeln wieder etwas erholen. Erwartungsgem\u00e4\u00df war die zweite Runde tats\u00e4chlich h\u00e4rter, sodas wir uns bei KM 16 trennten, weil er noch eine dritte Runde ranh\u00e4ngen wollte, seine Akkus voller waren und danach auch noch einen Termin hatte. Gerade auf den letzten beiden Kilometern gibt es noch eine handvoll knackige aber auch kurze Anstiege, hier musste ich ein paar Gehpausen einlegen. F\u00fcr die zweite Runde ben\u00f6tigte ich dann lediglich zwei Minuten l\u00e4nger.<\/p>\n<p>W\u00e4hrend des Laufs fiel mir dann noch ein, dass ich vers\u00e4umt hatte, mich f\u00fcr den <a target=\"_blank\" href=\"http:\/\/stoerlauf.de\" title=\"Itzehoer St\u00f6rlauf\">St\u00f6rlauf<\/a> im Mai anzumelden.<br \/>\nAnmeldestart war um Mitternacht und ich wusste von den Jahren davor, dass die Startpl\u00e4tze in k\u00fcrzester Zeit weg waren.<br \/>\nAuf der Internetseite las ich dann sp\u00e4ter, dass die k\u00fcrzeren Strecken, also f\u00fcnf und zehn Kilometer tats\u00e4chlich schon nach 12 Stunden vergeben waren (4.300 Startpl\u00e4tze), aber nicht f\u00fcr die Halbmarathon Distanz &#8211; Gl\u00fcck gehabt!<\/p>\n","protected":false},"excerpt":{"rendered":"<p>Zumindest war gestern der meteologische Fr\u00fchlingsbeginn!<br \/>\nZeitgleich liegen nun auch die Temperaturen deutlicher im Plusbereich. Ich f\u00fcrchte nur: es wird nicht so bleiben.\u00a0 Ich erinnere mich, dass vor ein paar Jahren noch gegen Ende M\u00e4rz Schnee gefallen war. Wahrscheinlich nicht nur ich sehne den Tag herbei, an dem man wieder mit kurzen Laufklamotten losziehen kann. Letztes [&#8230;]<\/p>\n","protected":false},"author":2,"featured_media":0,"comment_status":"open","ping_status":"closed","sticky":false,"template":"","format":"standard","meta":[],"categories":[11,4],"tags":[16,15],"_links":{"self":[{"href":"https:\/\/www.sumpflaeufer.de\/index.php?rest_route=\/wp\/v2\/posts\/154"}],"collection":[{"href":"https:\/\/www.sumpflaeufer.de\/index.php?rest_route=\/wp\/v2\/posts"}],"about":[{"href":"https:\/\/www.sumpflaeufer.de\/index.php?rest_route=\/wp\/v2\/types\/post"}],"author":[{"embeddable":true,"href":"https:\/\/www.sumpflaeufer.de\/index.php?rest_route=\/wp\/v2\/users\/2"}],"replies":[{"embeddable":true,"href":"https:\/\/www.sumpflaeufer.de\/index.php?rest_route=%2Fwp%2Fv2%2Fcomments&post=154"}],"version-history":[{"count":0,"href":"https:\/\/www.sumpflaeufer.de\/index.php?rest_route=\/wp\/v2\/posts\/154\/revisions"}],"wp:attachment":[{"href":"https:\/\/www.sumpflaeufer.de\/index.php?rest_route=%2Fwp%2Fv2%2Fmedia&parent=154"}],"wp:term":[{"taxonomy":"category","embeddable":true,"href":"https:\/\/www.sumpflaeufer.de\/index.php?rest_route=%2Fwp%2Fv2%2Fcategories&post=154"},{"taxonomy":"post_tag","embeddable":true,"href":"https:\/\/www.sumpflaeufer.de\/index.php?rest_route=%2Fwp%2Fv2%2Ftags&post=154"}],"curies":[{"name":"wp","href":"https:\/\/api.w.org\/{rel}","templated":true}]}}