{"id":104,"date":"2008-05-18T22:25:58","date_gmt":"2008-05-18T20:25:58","guid":{"rendered":"http:\/\/www.sumpflaeufer.de\/?p=104"},"modified":"2008-05-18T22:34:22","modified_gmt":"2008-05-18T20:34:22","slug":"no","status":"publish","type":"post","link":"https:\/\/www.sumpflaeufer.de\/?p=104","title":{"rendered":"No!"},"content":{"rendered":"<p>Ganz ohne Blessuren ist der gestrige Tag dann doch nicht vor\u00fcber gegangen. Ich erw\u00e4hnte ja meine Schmerzen in der Wade. Zu den Schmerzen kam hinzu, dass am n\u00e4chsten Morgen, also heute,\u00a0 im unteren \u00e4u\u00dferen Bereich, ein etwa 10cm x 5cm gro\u00dfer Fleck leicht ger\u00f6tet ist. Also genau dort wo es schmerzt. Hier ein Foto meiner rechten Wade. Auf der digitalen Fotografie ist es wegen des Kunstlichts schlecht zu sehen, deshalb die rote Markierung:<\/p>\n<p class=\"imageholder\"><a href=\"\/wp-content\/images\/img_013Big.jpg\" rel=\"lightbox\"><img decoding=\"async\" src=\"\/wp-content\/images\/img_013.jpg\" \/><\/a><\/p>\n<p>Im Internet nachgeschaut, stie\u00df ich auf zwei M\u00f6glichkeiten. Entweder eine Achillessehnen-Entz\u00fcndung oder ein Muskelfaserriss. Ich denke eher der Muskel, weil der Schmerz mehr dort sitzt, als im Bereich der Sehne. Vielleicht haben wir ja hier jemanden  vom Fach, der dies beurteilen kann, oder jemand hatte bereits mal das gleiche Problem.<\/p>\n<p>Eine Besserung ist aber schon zu merken, es schmerzt haupts\u00e4chlich nur wenn der Muskel gedehnt wird, sprich, wenn sich das Bein beim Gehen\/Laufen in der hinteren Position befindet. Ich werde einfach die n\u00e4chsten Tage etwas vorsichtiger laufen, dann geht&#8217;s schon!<\/p>\n","protected":false},"excerpt":{"rendered":"<p>Ganz ohne Blessuren ist der gestrige Tag dann doch nicht vor\u00fcber gegangen. Ich erw\u00e4hnte ja meine Schmerzen in der Wade. Zu den Schmerzen kam hinzu, dass am n\u00e4chsten Morgen, also heute,\u00a0 im unteren \u00e4u\u00dferen Bereich, ein etwa 10cm x 5cm gro\u00dfer Fleck leicht ger\u00f6tet ist. Also genau dort wo es schmerzt. Hier ein Foto meiner [&#8230;]<\/p>\n","protected":false},"author":2,"featured_media":0,"comment_status":"open","ping_status":"closed","sticky":false,"template":"","format":"standard","meta":[],"categories":[11,6],"tags":[],"_links":{"self":[{"href":"https:\/\/www.sumpflaeufer.de\/index.php?rest_route=\/wp\/v2\/posts\/104"}],"collection":[{"href":"https:\/\/www.sumpflaeufer.de\/index.php?rest_route=\/wp\/v2\/posts"}],"about":[{"href":"https:\/\/www.sumpflaeufer.de\/index.php?rest_route=\/wp\/v2\/types\/post"}],"author":[{"embeddable":true,"href":"https:\/\/www.sumpflaeufer.de\/index.php?rest_route=\/wp\/v2\/users\/2"}],"replies":[{"embeddable":true,"href":"https:\/\/www.sumpflaeufer.de\/index.php?rest_route=%2Fwp%2Fv2%2Fcomments&post=104"}],"version-history":[{"count":0,"href":"https:\/\/www.sumpflaeufer.de\/index.php?rest_route=\/wp\/v2\/posts\/104\/revisions"}],"wp:attachment":[{"href":"https:\/\/www.sumpflaeufer.de\/index.php?rest_route=%2Fwp%2Fv2%2Fmedia&parent=104"}],"wp:term":[{"taxonomy":"category","embeddable":true,"href":"https:\/\/www.sumpflaeufer.de\/index.php?rest_route=%2Fwp%2Fv2%2Fcategories&post=104"},{"taxonomy":"post_tag","embeddable":true,"href":"https:\/\/www.sumpflaeufer.de\/index.php?rest_route=%2Fwp%2Fv2%2Ftags&post=104"}],"curies":[{"name":"wp","href":"https:\/\/api.w.org\/{rel}","templated":true}]}}